{"id":2973,"date":"2015-09-11T04:07:53","date_gmt":"2015-09-11T07:07:53","guid":{"rendered":"http:\/\/108.179.192.190\/~aeame901\/?p=2973"},"modified":"2015-09-11T04:07:53","modified_gmt":"2015-09-11T07:07:53","slug":"jantar-dancante-2015","status":"publish","type":"post","link":"https:\/\/aeamesp.org.br\/site2025\/jantar-dancante-2015\/","title":{"rendered":"Jantar dan\u00e7ante 2015"},"content":{"rendered":"<p>Confraterniza\u00e7\u00e3o em comemora\u00e7\u00e3o aos 25 anos da AEAMESP ocorrida no dia 11\/09\/15<\/p>\n<hr \/>\n<p><a href=\"https:\/\/www.facebook.com\/media\/set\/?set=a.908057652574997.1073741870.186081474772622&amp;type=3\">Veja o \u00e1lbum de fotos em nossa p\u00e1gina no Facebook<\/a><\/p>\n","protected":false},"excerpt":{"rendered":"<p>Confraterniza\u00e7\u00e3o em comemora\u00e7\u00e3o aos 25 anos da AEAMESP ocorrida no&hellip;<\/p>\n<p> <a class=\"more-link\" href=\"https:\/\/aeamesp.org.br\/site2025\/jantar-dancante-2015\/\">Leia mais<\/a><\/p>\n","protected":false},"author":1,"featured_media":2967,"comment_status":"closed","ping_status":"closed","sticky":false,"template":"","format":"standard","meta":{"pagelayer_contact_templates":[],"_pagelayer_content":"","_kadence_starter_templates_imported_post":false,"footnotes":""},"categories":[63,66],"tags":[],"class_list":{"0":"post-2973","1":"post","2":"type-post","3":"status-publish","4":"format-standard","5":"has-post-thumbnail","7":"category-galeria-de-fotos","8":"category-jantares-dancantes"},"_links":{"self":[{"href":"https:\/\/aeamesp.org.br\/site2025\/wp-json\/wp\/v2\/posts\/2973","targetHints":{"allow":["GET"]}}],"collection":[{"href":"https:\/\/aeamesp.org.br\/site2025\/wp-json\/wp\/v2\/posts"}],"about":[{"href":"https:\/\/aeamesp.org.br\/site2025\/wp-json\/wp\/v2\/types\/post"}],"author":[{"embeddable":true,"href":"https:\/\/aeamesp.org.br\/site2025\/wp-json\/wp\/v2\/users\/1"}],"replies":[{"embeddable":true,"href":"https:\/\/aeamesp.org.br\/site2025\/wp-json\/wp\/v2\/comments?post=2973"}],"version-history":[{"count":0,"href":"https:\/\/aeamesp.org.br\/site2025\/wp-json\/wp\/v2\/posts\/2973\/revisions"}],"wp:featuredmedia":[{"embeddable":true,"href":"https:\/\/aeamesp.org.br\/site2025\/wp-json\/wp\/v2\/media\/2967"}],"wp:attachment":[{"href":"https:\/\/aeamesp.org.br\/site2025\/wp-json\/wp\/v2\/media?parent=2973"}],"wp:term":[{"taxonomy":"category","embeddable":true,"href":"https:\/\/aeamesp.org.br\/site2025\/wp-json\/wp\/v2\/categories?post=2973"},{"taxonomy":"post_tag","embeddable":true,"href":"https:\/\/aeamesp.org.br\/site2025\/wp-json\/wp\/v2\/tags?post=2973"}],"curies":[{"name":"wp","href":"https:\/\/api.w.org\/{rel}","templated":true}]}}