{"id":2977,"date":"2015-03-18T04:13:25","date_gmt":"2015-03-18T07:13:25","guid":{"rendered":"http:\/\/108.179.192.190\/~aeame901\/?p=2977"},"modified":"2015-03-18T04:13:25","modified_gmt":"2015-03-18T07:13:25","slug":"2977-2","status":"publish","type":"post","link":"https:\/\/aeamesp.org.br\/site2025\/2977-2\/","title":{"rendered":"Encontro com a AEAMESP"},"content":{"rendered":"<p>Palestra &#8220;Produ\u00e7\u00e3o da Arquitetura de Espa\u00e7os P\u00fablicos&#8221; &#8211; Prof. Dr. Alexandre Delijaicov, Arquiteto e Urbanista<\/p>\n<hr \/>\n<p><a href=\"https:\/\/www.facebook.com\/media\/set\/?set=a.823388737708556.1073741862.186081474772622&amp;type=3\" target=\"_blank\">Veja o \u00e1lbum de fotos em nossa p\u00e1gina no Facebook<\/a><\/p>\n","protected":false},"excerpt":{"rendered":"<p>Palestra &#8220;Produ\u00e7\u00e3o da Arquitetura de Espa\u00e7os P\u00fablicos&#8221; &#8211; Prof. Dr.&hellip;<\/p>\n<p> <a class=\"more-link\" href=\"https:\/\/aeamesp.org.br\/site2025\/2977-2\/\">Leia mais<\/a><\/p>\n","protected":false},"author":1,"featured_media":2961,"comment_status":"closed","ping_status":"closed","sticky":false,"template":"","format":"standard","meta":{"pagelayer_contact_templates":[],"_pagelayer_content":"","_kadence_starter_templates_imported_post":false,"footnotes":""},"categories":[63,75],"tags":[],"class_list":{"0":"post-2977","1":"post","2":"type-post","3":"status-publish","4":"format-standard","5":"has-post-thumbnail","7":"category-galeria-de-fotos","8":"category-palestras-aeamesp"},"_links":{"self":[{"href":"https:\/\/aeamesp.org.br\/site2025\/wp-json\/wp\/v2\/posts\/2977","targetHints":{"allow":["GET"]}}],"collection":[{"href":"https:\/\/aeamesp.org.br\/site2025\/wp-json\/wp\/v2\/posts"}],"about":[{"href":"https:\/\/aeamesp.org.br\/site2025\/wp-json\/wp\/v2\/types\/post"}],"author":[{"embeddable":true,"href":"https:\/\/aeamesp.org.br\/site2025\/wp-json\/wp\/v2\/users\/1"}],"replies":[{"embeddable":true,"href":"https:\/\/aeamesp.org.br\/site2025\/wp-json\/wp\/v2\/comments?post=2977"}],"version-history":[{"count":0,"href":"https:\/\/aeamesp.org.br\/site2025\/wp-json\/wp\/v2\/posts\/2977\/revisions"}],"wp:featuredmedia":[{"embeddable":true,"href":"https:\/\/aeamesp.org.br\/site2025\/wp-json\/wp\/v2\/media\/2961"}],"wp:attachment":[{"href":"https:\/\/aeamesp.org.br\/site2025\/wp-json\/wp\/v2\/media?parent=2977"}],"wp:term":[{"taxonomy":"category","embeddable":true,"href":"https:\/\/aeamesp.org.br\/site2025\/wp-json\/wp\/v2\/categories?post=2977"},{"taxonomy":"post_tag","embeddable":true,"href":"https:\/\/aeamesp.org.br\/site2025\/wp-json\/wp\/v2\/tags?post=2977"}],"curies":[{"name":"wp","href":"https:\/\/api.w.org\/{rel}","templated":true}]}}