{"id":2979,"date":"2014-12-04T04:16:34","date_gmt":"2014-12-04T06:16:34","guid":{"rendered":"http:\/\/108.179.192.190\/~aeame901\/?p=2979"},"modified":"2014-12-04T04:16:34","modified_gmt":"2014-12-04T06:16:34","slug":"festa-de-confraternizacao-2014-04122014","status":"publish","type":"post","link":"https:\/\/aeamesp.org.br\/site2025\/festa-de-confraternizacao-2014-04122014\/","title":{"rendered":"Festa de confraterniza\u00e7\u00e3o 2014"},"content":{"rendered":"<p>Festa de confraterniza\u00e7\u00e3o dos associados e amigos da AEAMESP realizada no dia 04\/12\/14 no Instituto de Engenharia em S\u00e3o Paulo\/SP<\/p>\n<hr \/>\n<p><a href=\"https:\/\/www.facebook.com\/media\/set\/?set=a.778338585546905.1073741860.186081474772622&amp;type=3\" target=\"_blank\">Veja o \u00e1lbum de fotos em nossa p\u00e1gina no Facebook<\/a><\/p>\n","protected":false},"excerpt":{"rendered":"<p>Festa de confraterniza\u00e7\u00e3o dos associados e amigos da AEAMESP realizada&hellip;<\/p>\n<p> <a class=\"more-link\" href=\"https:\/\/aeamesp.org.br\/site2025\/festa-de-confraternizacao-2014-04122014\/\">Leia mais<\/a><\/p>\n","protected":false},"author":1,"featured_media":2959,"comment_status":"closed","ping_status":"closed","sticky":false,"template":"","format":"standard","meta":{"pagelayer_contact_templates":[],"_pagelayer_content":"","_kadence_starter_templates_imported_post":false,"footnotes":""},"categories":[96,63],"tags":[],"class_list":{"0":"post-2979","1":"post","2":"type-post","3":"status-publish","4":"format-standard","5":"has-post-thumbnail","7":"category-festas-de-confraternizacao","8":"category-galeria-de-fotos"},"_links":{"self":[{"href":"https:\/\/aeamesp.org.br\/site2025\/wp-json\/wp\/v2\/posts\/2979","targetHints":{"allow":["GET"]}}],"collection":[{"href":"https:\/\/aeamesp.org.br\/site2025\/wp-json\/wp\/v2\/posts"}],"about":[{"href":"https:\/\/aeamesp.org.br\/site2025\/wp-json\/wp\/v2\/types\/post"}],"author":[{"embeddable":true,"href":"https:\/\/aeamesp.org.br\/site2025\/wp-json\/wp\/v2\/users\/1"}],"replies":[{"embeddable":true,"href":"https:\/\/aeamesp.org.br\/site2025\/wp-json\/wp\/v2\/comments?post=2979"}],"version-history":[{"count":0,"href":"https:\/\/aeamesp.org.br\/site2025\/wp-json\/wp\/v2\/posts\/2979\/revisions"}],"wp:featuredmedia":[{"embeddable":true,"href":"https:\/\/aeamesp.org.br\/site2025\/wp-json\/wp\/v2\/media\/2959"}],"wp:attachment":[{"href":"https:\/\/aeamesp.org.br\/site2025\/wp-json\/wp\/v2\/media?parent=2979"}],"wp:term":[{"taxonomy":"category","embeddable":true,"href":"https:\/\/aeamesp.org.br\/site2025\/wp-json\/wp\/v2\/categories?post=2979"},{"taxonomy":"post_tag","embeddable":true,"href":"https:\/\/aeamesp.org.br\/site2025\/wp-json\/wp\/v2\/tags?post=2979"}],"curies":[{"name":"wp","href":"https:\/\/api.w.org\/{rel}","templated":true}]}}