{"id":2982,"date":"2014-09-09T04:18:53","date_gmt":"2014-09-09T07:18:53","guid":{"rendered":"http:\/\/108.179.192.190\/~aeame901\/?p=2982"},"modified":"2014-09-09T04:18:53","modified_gmt":"2014-09-09T07:18:53","slug":"20a-semana-de-tecnologia-metroferroviaria","status":"publish","type":"post","link":"https:\/\/aeamesp.org.br\/site2025\/20a-semana-de-tecnologia-metroferroviaria\/","title":{"rendered":"20\u00aa Semana de Tecnologia Metroferrovi\u00e1ria"},"content":{"rendered":"<p>Evento realizado em S\u00e3o Paulo entre os dias 09 e 12 de setembro de 2014 no Centro de Conven\u00e7\u00f5es Frei Caneca. Temos disponibilizadas 748 fotografias do evento.<\/p>\n<hr \/>\n<p><a href=\"https:\/\/www.facebook.com\/aeamesp\/photos_albums\" target=\"_blank\">Veja os \u00e1lbuns de fotos em nossa p\u00e1gina no Facebook<\/a><\/p>\n","protected":false},"excerpt":{"rendered":"<p>Evento realizado em S\u00e3o Paulo entre os dias 09 e&hellip;<\/p>\n<p> <a class=\"more-link\" href=\"https:\/\/aeamesp.org.br\/site2025\/20a-semana-de-tecnologia-metroferroviaria\/\">Leia mais<\/a><\/p>\n","protected":false},"author":1,"featured_media":2951,"comment_status":"closed","ping_status":"closed","sticky":false,"template":"","format":"standard","meta":{"pagelayer_contact_templates":[],"_pagelayer_content":"","_kadence_starter_templates_imported_post":false,"footnotes":""},"categories":[63,82],"tags":[],"class_list":{"0":"post-2982","1":"post","2":"type-post","3":"status-publish","4":"format-standard","5":"has-post-thumbnail","7":"category-galeria-de-fotos","8":"category-semanas-de-tecnologia"},"_links":{"self":[{"href":"https:\/\/aeamesp.org.br\/site2025\/wp-json\/wp\/v2\/posts\/2982","targetHints":{"allow":["GET"]}}],"collection":[{"href":"https:\/\/aeamesp.org.br\/site2025\/wp-json\/wp\/v2\/posts"}],"about":[{"href":"https:\/\/aeamesp.org.br\/site2025\/wp-json\/wp\/v2\/types\/post"}],"author":[{"embeddable":true,"href":"https:\/\/aeamesp.org.br\/site2025\/wp-json\/wp\/v2\/users\/1"}],"replies":[{"embeddable":true,"href":"https:\/\/aeamesp.org.br\/site2025\/wp-json\/wp\/v2\/comments?post=2982"}],"version-history":[{"count":0,"href":"https:\/\/aeamesp.org.br\/site2025\/wp-json\/wp\/v2\/posts\/2982\/revisions"}],"wp:featuredmedia":[{"embeddable":true,"href":"https:\/\/aeamesp.org.br\/site2025\/wp-json\/wp\/v2\/media\/2951"}],"wp:attachment":[{"href":"https:\/\/aeamesp.org.br\/site2025\/wp-json\/wp\/v2\/media?parent=2982"}],"wp:term":[{"taxonomy":"category","embeddable":true,"href":"https:\/\/aeamesp.org.br\/site2025\/wp-json\/wp\/v2\/categories?post=2982"},{"taxonomy":"post_tag","embeddable":true,"href":"https:\/\/aeamesp.org.br\/site2025\/wp-json\/wp\/v2\/tags?post=2982"}],"curies":[{"name":"wp","href":"https:\/\/api.w.org\/{rel}","templated":true}]}}