{"id":3001,"date":"2013-06-05T05:36:06","date_gmt":"2013-06-05T08:36:06","guid":{"rendered":"http:\/\/108.179.192.190\/~aeame901\/?p=3001"},"modified":"2013-06-05T05:36:06","modified_gmt":"2013-06-05T08:36:06","slug":"debates-tecnologicos-utilizacao-de-fibra-otica-fo-no-sistema-cbtc-ao-longo-da-via-permanente-anel-otico-e-no-material-rodante","status":"publish","type":"post","link":"https:\/\/aeamesp.org.br\/site2025\/debates-tecnologicos-utilizacao-de-fibra-otica-fo-no-sistema-cbtc-ao-longo-da-via-permanente-anel-otico-e-no-material-rodante\/","title":{"rendered":"Debates Tecnol\u00f3gicos &#8211; Utiliza\u00e7\u00e3o de Fibra \u00d3tica (FO) no sistema CBTC ao longo da via permanente (anel \u00f3tico) e no material rodante"},"content":{"rendered":"<p>Palestra realizada na AEAMESP pelos representantes da Huber+Suhner, Louis Eric e Said Hessari<\/p>\n<hr \/>\n<p><a href=\"https:\/\/www.facebook.com\/media\/set\/?set=a.531357796911653.1073741828.186081474772622&amp;type=3&amp;uploaded=6\" target=\"_blank\">Veja o \u00e1lbum de fotos em nossa p\u00e1gina no Facebook<\/a><\/p>\n","protected":false},"excerpt":{"rendered":"<p>Palestra realizada na AEAMESP pelos representantes da Huber+Suhner, Louis Eric&hellip;<\/p>\n<p> <a class=\"more-link\" href=\"https:\/\/aeamesp.org.br\/site2025\/debates-tecnologicos-utilizacao-de-fibra-otica-fo-no-sistema-cbtc-ao-longo-da-via-permanente-anel-otico-e-no-material-rodante\/\">Leia mais<\/a><\/p>\n","protected":false},"author":1,"featured_media":2964,"comment_status":"closed","ping_status":"closed","sticky":false,"template":"","format":"standard","meta":{"pagelayer_contact_templates":[],"_pagelayer_content":"","_kadence_starter_templates_imported_post":false,"footnotes":""},"categories":[63,75],"tags":[],"class_list":{"0":"post-3001","1":"post","2":"type-post","3":"status-publish","4":"format-standard","5":"has-post-thumbnail","7":"category-galeria-de-fotos","8":"category-palestras-aeamesp"},"_links":{"self":[{"href":"https:\/\/aeamesp.org.br\/site2025\/wp-json\/wp\/v2\/posts\/3001","targetHints":{"allow":["GET"]}}],"collection":[{"href":"https:\/\/aeamesp.org.br\/site2025\/wp-json\/wp\/v2\/posts"}],"about":[{"href":"https:\/\/aeamesp.org.br\/site2025\/wp-json\/wp\/v2\/types\/post"}],"author":[{"embeddable":true,"href":"https:\/\/aeamesp.org.br\/site2025\/wp-json\/wp\/v2\/users\/1"}],"replies":[{"embeddable":true,"href":"https:\/\/aeamesp.org.br\/site2025\/wp-json\/wp\/v2\/comments?post=3001"}],"version-history":[{"count":0,"href":"https:\/\/aeamesp.org.br\/site2025\/wp-json\/wp\/v2\/posts\/3001\/revisions"}],"wp:featuredmedia":[{"embeddable":true,"href":"https:\/\/aeamesp.org.br\/site2025\/wp-json\/wp\/v2\/media\/2964"}],"wp:attachment":[{"href":"https:\/\/aeamesp.org.br\/site2025\/wp-json\/wp\/v2\/media?parent=3001"}],"wp:term":[{"taxonomy":"category","embeddable":true,"href":"https:\/\/aeamesp.org.br\/site2025\/wp-json\/wp\/v2\/categories?post=3001"},{"taxonomy":"post_tag","embeddable":true,"href":"https:\/\/aeamesp.org.br\/site2025\/wp-json\/wp\/v2\/tags?post=3001"}],"curies":[{"name":"wp","href":"https:\/\/api.w.org\/{rel}","templated":true}]}}