{"id":3003,"date":"2012-12-19T05:38:01","date_gmt":"2012-12-19T07:38:01","guid":{"rendered":"http:\/\/108.179.192.190\/~aeame901\/?p=3003"},"modified":"2012-12-19T05:38:01","modified_gmt":"2012-12-19T07:38:01","slug":"festa-de-confraternizacao-2012","status":"publish","type":"post","link":"https:\/\/aeamesp.org.br\/site2025\/festa-de-confraternizacao-2012\/","title":{"rendered":"Festa de confraterniza\u00e7\u00e3o 2012"},"content":{"rendered":"<p>A Festa de confraterniza\u00e7\u00e3o AEAMESP 2012 foi realizada no dia no dia 19\/12\/12 no Instituto de Engenharia &#8211; S\u00e3o Paulo\/SP<\/p>\n<hr \/>\n<p><a href=\"https:\/\/www.facebook.com\/media\/set\/?set=a.459603267420440.101107.186081474772622&amp;type=3\" target=\"_blank\">Veja \u00e1lbum de fotos em nossa p\u00e1gina no Facebook<\/a><\/p>\n","protected":false},"excerpt":{"rendered":"<p>A Festa de confraterniza\u00e7\u00e3o AEAMESP 2012 foi realizada no dia&hellip;<\/p>\n<p> <a class=\"more-link\" href=\"https:\/\/aeamesp.org.br\/site2025\/festa-de-confraternizacao-2012\/\">Leia mais<\/a><\/p>\n","protected":false},"author":1,"featured_media":2957,"comment_status":"closed","ping_status":"closed","sticky":false,"template":"","format":"standard","meta":{"pagelayer_contact_templates":[],"_pagelayer_content":"","_kadence_starter_templates_imported_post":false,"footnotes":""},"categories":[96,63],"tags":[],"class_list":{"0":"post-3003","1":"post","2":"type-post","3":"status-publish","4":"format-standard","5":"has-post-thumbnail","7":"category-festas-de-confraternizacao","8":"category-galeria-de-fotos"},"_links":{"self":[{"href":"https:\/\/aeamesp.org.br\/site2025\/wp-json\/wp\/v2\/posts\/3003","targetHints":{"allow":["GET"]}}],"collection":[{"href":"https:\/\/aeamesp.org.br\/site2025\/wp-json\/wp\/v2\/posts"}],"about":[{"href":"https:\/\/aeamesp.org.br\/site2025\/wp-json\/wp\/v2\/types\/post"}],"author":[{"embeddable":true,"href":"https:\/\/aeamesp.org.br\/site2025\/wp-json\/wp\/v2\/users\/1"}],"replies":[{"embeddable":true,"href":"https:\/\/aeamesp.org.br\/site2025\/wp-json\/wp\/v2\/comments?post=3003"}],"version-history":[{"count":0,"href":"https:\/\/aeamesp.org.br\/site2025\/wp-json\/wp\/v2\/posts\/3003\/revisions"}],"wp:featuredmedia":[{"embeddable":true,"href":"https:\/\/aeamesp.org.br\/site2025\/wp-json\/wp\/v2\/media\/2957"}],"wp:attachment":[{"href":"https:\/\/aeamesp.org.br\/site2025\/wp-json\/wp\/v2\/media?parent=3003"}],"wp:term":[{"taxonomy":"category","embeddable":true,"href":"https:\/\/aeamesp.org.br\/site2025\/wp-json\/wp\/v2\/categories?post=3003"},{"taxonomy":"post_tag","embeddable":true,"href":"https:\/\/aeamesp.org.br\/site2025\/wp-json\/wp\/v2\/tags?post=3003"}],"curies":[{"name":"wp","href":"https:\/\/api.w.org\/{rel}","templated":true}]}}