{"id":4486,"date":"2015-09-08T14:00:29","date_gmt":"2015-09-08T14:00:29","guid":{"rendered":"http:\/\/www.aeamesp.org.br\/?p=4486"},"modified":"2015-09-08T14:00:29","modified_gmt":"2015-09-08T14:00:29","slug":"cerimonia-de-abertura","status":"publish","type":"post","link":"https:\/\/aeamesp.org.br\/site2025\/cerimonia-de-abertura\/","title":{"rendered":"Cerim\u00f4nia de Abertura"},"content":{"rendered":"<div class=\"modal-header\">\n<h4 id=\"programa-2-label\" class=\"modal-title\">08\/09 &#8211; Audit\u00f3rio &#8211; 14:00 \u00e0s 14:40<\/h4>\n<\/div>\n<div class=\"modal-body\">\n<div class=\"row\">\n<div class=\"col-md-6\">\n<h3>Cerim\u00f4nia de Abertura<\/h3>\n<div class=\"separator-2\"><\/div>\n<p>A &#8220;Cerimonia de Abertura&#8221; marca o in\u00edcio da Semana de Tecnologia, participam autoridades da pol\u00edtica nacional e representantes de empresas e setores da \u00e1rea.<\/p>\n<p>Na sequencia ser\u00e1 feita a entrega do &#8220;Pr\u00eamio TECNOLOGIA E DESENVOLVIMENTO METROFERROVI\u00c1RIOS&#8221;<\/p>\n<\/div>\n<\/div>\n<\/div>\n","protected":false},"excerpt":{"rendered":"<p>08\/09 &#8211; Audit\u00f3rio &#8211; 14:00 \u00e0s 14:40 Cerim\u00f4nia de Abertura&hellip;<\/p>\n<p> <a class=\"more-link\" href=\"https:\/\/aeamesp.org.br\/site2025\/cerimonia-de-abertura\/\">Leia mais<\/a><\/p>\n","protected":false},"author":1,"featured_media":4487,"comment_status":"open","ping_status":"open","sticky":false,"template":"","format":"standard","meta":{"pagelayer_contact_templates":[],"_pagelayer_content":"","_kadence_starter_templates_imported_post":false,"footnotes":""},"categories":[41],"tags":[125],"class_list":{"0":"post-4486","1":"post","2":"type-post","3":"status-publish","4":"format-standard","5":"has-post-thumbnail","7":"category-21a-semana-de-tecnologia-metroferroviaria","8":"tag-programacao-2"},"_links":{"self":[{"href":"https:\/\/aeamesp.org.br\/site2025\/wp-json\/wp\/v2\/posts\/4486","targetHints":{"allow":["GET"]}}],"collection":[{"href":"https:\/\/aeamesp.org.br\/site2025\/wp-json\/wp\/v2\/posts"}],"about":[{"href":"https:\/\/aeamesp.org.br\/site2025\/wp-json\/wp\/v2\/types\/post"}],"author":[{"embeddable":true,"href":"https:\/\/aeamesp.org.br\/site2025\/wp-json\/wp\/v2\/users\/1"}],"replies":[{"embeddable":true,"href":"https:\/\/aeamesp.org.br\/site2025\/wp-json\/wp\/v2\/comments?post=4486"}],"version-history":[{"count":0,"href":"https:\/\/aeamesp.org.br\/site2025\/wp-json\/wp\/v2\/posts\/4486\/revisions"}],"wp:featuredmedia":[{"embeddable":true,"href":"https:\/\/aeamesp.org.br\/site2025\/wp-json\/wp\/v2\/media\/4487"}],"wp:attachment":[{"href":"https:\/\/aeamesp.org.br\/site2025\/wp-json\/wp\/v2\/media?parent=4486"}],"wp:term":[{"taxonomy":"category","embeddable":true,"href":"https:\/\/aeamesp.org.br\/site2025\/wp-json\/wp\/v2\/categories?post=4486"},{"taxonomy":"post_tag","embeddable":true,"href":"https:\/\/aeamesp.org.br\/site2025\/wp-json\/wp\/v2\/tags?post=4486"}],"curies":[{"name":"wp","href":"https:\/\/api.w.org\/{rel}","templated":true}]}}