{"id":5606,"date":"2016-06-14T12:30:55","date_gmt":"2016-06-14T15:30:55","guid":{"rendered":"http:\/\/www.aeamesp.org.br\/?p=5606"},"modified":"2016-06-14T12:30:55","modified_gmt":"2016-06-14T15:30:55","slug":"transicao-do-governo-federal-motivou-adiamento-da-49a-reuniao-do-conselho-das-cidades-nova-data-sera-ainda-estabelecida","status":"publish","type":"post","link":"https:\/\/aeamesp.org.br\/site2025\/transicao-do-governo-federal-motivou-adiamento-da-49a-reuniao-do-conselho-das-cidades-nova-data-sera-ainda-estabelecida\/","title":{"rendered":"Transi\u00e7\u00e3o do governo federal motivou adiamento da 49\u00aa Reuni\u00e3o do Conselho das Cidades. Nova data ser\u00e1 ainda estabelecida."},"content":{"rendered":"<figure id=\"attachment_5643\" aria-describedby=\"caption-attachment-5643\" style=\"width: 339px\" class=\"wp-caption alignleft\"><a href=\"http:\/\/www.aeamesp.org.br\/wp-content\/uploads\/2016\/06\/2016-05-03-fp-faixa3.jpg\"><img fetchpriority=\"high\" decoding=\"async\" class=\" wp-image-5643\" src=\"http:\/\/www.aeamesp.org.br\/wp-content\/uploads\/2016\/06\/2016-05-03-fp-faixa3.jpg\" alt=\"Foto: Fernando Pereira\/ SECOM\" width=\"339\" height=\"246\" srcset=\"https:\/\/aeamesp.org.br\/site2025\/wp-content\/uploads\/2016\/06\/2016-05-03-fp-faixa3.jpg 1200w, https:\/\/aeamesp.org.br\/site2025\/wp-content\/uploads\/2016\/06\/2016-05-03-fp-faixa3-300x218.jpg 300w, https:\/\/aeamesp.org.br\/site2025\/wp-content\/uploads\/2016\/06\/2016-05-03-fp-faixa3-1024x742.jpg 1024w, https:\/\/aeamesp.org.br\/site2025\/wp-content\/uploads\/2016\/06\/2016-05-03-fp-faixa3-768x557.jpg 768w\" sizes=\"(max-width: 339px) 100vw, 339px\" \/><\/a><figcaption id=\"caption-attachment-5643\" class=\"wp-caption-text\">Foto: Fernando Pereira\/ SECOM<\/figcaption><\/figure>\n<p style=\"text-align: justify;\">Em raz\u00e3o da transi\u00e7\u00e3o de governo, com a posse do presidente interino Michel Temer, a Reuni\u00e3o da Coordena\u00e7\u00e3o Executiva do Conselho Nacional das Cidades foi transferida do de 19 de maio de 2016 para o dia 22 de junho, ocasionando o adiamento da\u00a0<em>49\u00aa Reuni\u00e3o do Conselho Nacional das Cidades,<\/em>\u00a0anteriormente programada para os dias 1\u00ba e 2 de junho de 2916. Caber\u00e1 \u00e0 Coordena\u00e7\u00e3o definir nova data para o encontro. O presidente Emiliano Affonso representa a AEAMESP no Conselho Nacional das Cidades e em seu Comit\u00ea T\u00e9cnico de Tr\u00e2nsito, Transportes e Mobilidade Urbana.<\/p>\n<p style=\"text-align: justify;\">\n","protected":false},"excerpt":{"rendered":"<p>Em raz\u00e3o da transi\u00e7\u00e3o de governo, com a posse do&hellip;<\/p>\n<p> <a class=\"more-link\" href=\"https:\/\/aeamesp.org.br\/site2025\/transicao-do-governo-federal-motivou-adiamento-da-49a-reuniao-do-conselho-das-cidades-nova-data-sera-ainda-estabelecida\/\">Leia mais<\/a><\/p>\n","protected":false},"author":1,"featured_media":5643,"comment_status":"closed","ping_status":"closed","sticky":false,"template":"","format":"standard","meta":{"pagelayer_contact_templates":[],"_pagelayer_content":"","_kadence_starter_templates_imported_post":false,"footnotes":""},"categories":[58],"tags":[],"class_list":{"0":"post-5606","1":"post","2":"type-post","3":"status-publish","4":"format-standard","5":"has-post-thumbnail","7":"category-em-pauta"},"_links":{"self":[{"href":"https:\/\/aeamesp.org.br\/site2025\/wp-json\/wp\/v2\/posts\/5606","targetHints":{"allow":["GET"]}}],"collection":[{"href":"https:\/\/aeamesp.org.br\/site2025\/wp-json\/wp\/v2\/posts"}],"about":[{"href":"https:\/\/aeamesp.org.br\/site2025\/wp-json\/wp\/v2\/types\/post"}],"author":[{"embeddable":true,"href":"https:\/\/aeamesp.org.br\/site2025\/wp-json\/wp\/v2\/users\/1"}],"replies":[{"embeddable":true,"href":"https:\/\/aeamesp.org.br\/site2025\/wp-json\/wp\/v2\/comments?post=5606"}],"version-history":[{"count":0,"href":"https:\/\/aeamesp.org.br\/site2025\/wp-json\/wp\/v2\/posts\/5606\/revisions"}],"wp:featuredmedia":[{"embeddable":true,"href":"https:\/\/aeamesp.org.br\/site2025\/wp-json\/wp\/v2\/media\/5643"}],"wp:attachment":[{"href":"https:\/\/aeamesp.org.br\/site2025\/wp-json\/wp\/v2\/media?parent=5606"}],"wp:term":[{"taxonomy":"category","embeddable":true,"href":"https:\/\/aeamesp.org.br\/site2025\/wp-json\/wp\/v2\/categories?post=5606"},{"taxonomy":"post_tag","embeddable":true,"href":"https:\/\/aeamesp.org.br\/site2025\/wp-json\/wp\/v2\/tags?post=5606"}],"curies":[{"name":"wp","href":"https:\/\/api.w.org\/{rel}","templated":true}]}}