{"id":9593,"date":"2017-09-27T11:23:01","date_gmt":"2017-09-27T14:23:01","guid":{"rendered":"http:\/\/www.aeamesp.org.br\/?p=9593"},"modified":"2017-09-27T11:23:01","modified_gmt":"2017-09-27T14:23:01","slug":"t27-biblioteca-metro-neli-siqueira-digital","status":"publish","type":"post","link":"https:\/\/aeamesp.org.br\/site2025\/t27-biblioteca-metro-neli-siqueira-digital\/","title":{"rendered":"T27 &#8211; BIBLIOTECA METRO NELI SIQUEIRA DIGITAL"},"content":{"rendered":"<p><strong>Descri\u00e7\u00e3o:\u00a0<\/strong>As mudan\u00e7as geradas pelo aumento exponencial da produ\u00e7\u00e3o de informa\u00e7\u00e3o e pelo uso das tecnologias de informa\u00e7\u00e3o e comunica\u00e7\u00e3o nas formas de sua organiza\u00e7\u00e3o facilitam a sua transfer\u00eancia, dadas as concep\u00e7\u00f5es de tempo e espa\u00e7o que modificam a oferta de atividades e servi\u00e7os adequados \u00e0s necessidades informacionais dos consulentes. A disponibiliza\u00e7\u00e3o online do conte\u00fado do acervo da mem\u00f3ria institucional amplia o acesso \u00e0s informa\u00e7\u00f5es hist\u00f3ricas da empresa, uma vez que neste tipo de formato e com acesso online reduz-se as barreiras espaciais e temporais, e atende os requisitos previstos na Lei Federal N\u00ba 12.527\/2011, regulamentada pelo Decreto Estadual N\u00ba 58.052\/2012 que objetivam dar acesso ao cidad\u00e3o, de forma ampla e facilitada, \u00e0s informa\u00e7\u00f5es sobre atividades e gest\u00e3o de empresas p\u00fablicas. A Biblioteca Metr\u00f4 Neli Siqueira tem perfil inovador desde a sua funda\u00e7\u00e3o, em 1972, principalmente pela preocupa\u00e7\u00e3o com a documenta\u00e7\u00e3o produzida sobre a atividade metrovi\u00e1ria e seu impacto na transforma\u00e7\u00e3o da cidade. A Biblioteca tornou-se refer\u00eancia no Brasil e no exterior e est\u00e1 em conson\u00e2ncia com as melhores pr\u00e1ticas na dissemina\u00e7\u00e3o da informa\u00e7\u00e3o especializada sobre transporte p\u00fablico e sua intera\u00e7\u00e3o com a cidade de S\u00e3o Paulo. Esta unidade de informa\u00e7\u00e3o tem fun\u00e7\u00e3o educacional, cultural, informacional, e como miss\u00e3o a reuni\u00e3o, o tratamento, a guarda e a preserva\u00e7\u00e3o da mem\u00f3ria bibliogr\u00e1fica e hist\u00f3rica da empresa, al\u00e9m de promover o acesso, a dissemina\u00e7\u00e3o e a utiliza\u00e7\u00e3o da informa\u00e7\u00e3o como suporte \u00e0s atividades das \u00e1reas t\u00e9cnicas do Metr\u00f4. A Biblioteca possui um acervo da mem\u00f3ria institucional composto de relat\u00f3rios de atividades, avalia\u00e7\u00f5es, monografias, estudos, manuais, pesquisas, publica\u00e7\u00f5es seriadas, etc., produzido ao longo da exist\u00eancia de empresa num quantitativo que soma: &#8211; 5500 t\u00edtulos de publica\u00e7\u00f5es; &#8211; 1000 horas de v\u00eddeos; &#8211; 100 horas de arquivos de \u00e1udio (discursos e depoimentos); &#8211; 150.000 itens iconogr\u00e1ficos (aquarelas, negativos, diapositivos, cromos, amplia\u00e7\u00f5es fotogr\u00e1ficas e mapas); &#8211; 2.000 documentos textuais (folhetos, folders, cartazes, convites e releases); &#8211; 250 itens objetos tridimensionais (medalhas, miniaturas, t\u00eaxteis). A divulga\u00e7\u00e3o do conte\u00fado do acervo da mem\u00f3ria institucional na biblioteca digital permite disseminar, de forma remota, o conte\u00fado do referido acervo e oferece produtos virtuais que permitem a gera\u00e7\u00e3o de novos conhecimentos \u00e0 sociedade interessada nas informa\u00e7\u00f5es dispon\u00edveis na Biblioteca e na hist\u00f3ria do Metr\u00f4. Com a publica\u00e7\u00e3o da biblioteca digital na internet, objetiva-se disponibilizar o cat\u00e1logo da Biblioteca, dos conte\u00fados especializados, tais como: registro da hist\u00f3ria, do planejamento, estrutura, desenvolvimento e servi\u00e7os da empresa. Desta forma, \u00e9 poss\u00edvel favorecer metrovi\u00e1rios, pesquisadores e interessados em assuntos correlatos, n\u00e3o s\u00f3 do Brasil, como tamb\u00e9m do exterior, na consulta a conte\u00fados relevantes desenvolvidos internamente pelos profissionais da empresa, bem como publica\u00e7\u00f5es sobre a empresa, desenvolvidas por diversas institui\u00e7\u00f5es do ramo, e tamb\u00e9m publica\u00e7\u00f5es de cunho universal. A era digital estabelece uma nova rela\u00e7\u00e3o entre as pessoas e o mundo. A inova\u00e7\u00e3o tecnol\u00f3gica \u00e9 cont\u00ednua e a Biblioteca do Metr\u00f4 est\u00e1 inserida neste contexto. Neste sentido, a Companhia do Metropolitano de S\u00e3o Paulo, que sempre esteve na vanguarda tecnol\u00f3gica do pa\u00eds, compartilha com a comunidade mundial os registros digitalizados de sua mem\u00f3ria e sua inestim\u00e1vel contribui\u00e7\u00e3o ao desenvolvimento \u00e0 maior cidade do pa\u00eds.<\/p>\n<p>&nbsp;<\/p>\n<p><strong>AUTORES:<\/strong><br \/>\nJuliana Venancio de Oliveira<br \/>\nDora Ivana Assem Di Giacomo Silva<\/p>\n<p><a href=\"http:\/\/www.aeamesp.org.br\/wp-content\/uploads\/2017\/09\/artigo_BIBLIOTECAMETRO.pdf\" target=\"_blank\" rel=\"noopener\"><strong>Artigo<\/strong><\/a><\/p>\n<p><a href=\"http:\/\/www.aeamesp.org.br\/23semana\/wp-content\/uploads\/2017\/09\/julianavenancio@metrosp.com_.br_.pdf\" target=\"_blank\" rel=\"noopener\"><strong><span style=\"color: #3366ff;\">Apresenta\u00e7\u00e3o<\/span><\/strong><\/a><\/p>\n","protected":false},"excerpt":{"rendered":"<p>Descri\u00e7\u00e3o:\u00a0As mudan\u00e7as geradas pelo aumento exponencial da produ\u00e7\u00e3o de informa\u00e7\u00e3o&hellip;<\/p>\n<p> <a class=\"more-link\" href=\"https:\/\/aeamesp.org.br\/site2025\/t27-biblioteca-metro-neli-siqueira-digital\/\">Leia mais<\/a><\/p>\n","protected":false},"author":1,"featured_media":0,"comment_status":"closed","ping_status":"open","sticky":false,"template":"","format":"standard","meta":{"pagelayer_contact_templates":[],"_pagelayer_content":"","_kadence_starter_templates_imported_post":false,"footnotes":""},"categories":[90],"tags":[],"class_list":{"0":"post-9593","1":"post","2":"type-post","3":"status-publish","4":"format-standard","6":"category-trab-tec-23a"},"_links":{"self":[{"href":"https:\/\/aeamesp.org.br\/site2025\/wp-json\/wp\/v2\/posts\/9593","targetHints":{"allow":["GET"]}}],"collection":[{"href":"https:\/\/aeamesp.org.br\/site2025\/wp-json\/wp\/v2\/posts"}],"about":[{"href":"https:\/\/aeamesp.org.br\/site2025\/wp-json\/wp\/v2\/types\/post"}],"author":[{"embeddable":true,"href":"https:\/\/aeamesp.org.br\/site2025\/wp-json\/wp\/v2\/users\/1"}],"replies":[{"embeddable":true,"href":"https:\/\/aeamesp.org.br\/site2025\/wp-json\/wp\/v2\/comments?post=9593"}],"version-history":[{"count":0,"href":"https:\/\/aeamesp.org.br\/site2025\/wp-json\/wp\/v2\/posts\/9593\/revisions"}],"wp:attachment":[{"href":"https:\/\/aeamesp.org.br\/site2025\/wp-json\/wp\/v2\/media?parent=9593"}],"wp:term":[{"taxonomy":"category","embeddable":true,"href":"https:\/\/aeamesp.org.br\/site2025\/wp-json\/wp\/v2\/categories?post=9593"},{"taxonomy":"post_tag","embeddable":true,"href":"https:\/\/aeamesp.org.br\/site2025\/wp-json\/wp\/v2\/tags?post=9593"}],"curies":[{"name":"wp","href":"https:\/\/api.w.org\/{rel}","templated":true}]}}